{"id":2378,"date":"2025-04-27T11:43:28","date_gmt":"2025-04-27T17:43:28","guid":{"rendered":"https:\/\/cafelapuerta.com\/index.php\/2025\/04\/27\/descubriendo-el-cafe-en-grano-historia-y-variedades-en-mexico\/"},"modified":"2025-04-27T11:44:28","modified_gmt":"2025-04-27T17:44:28","slug":"descubriendo-el-cafe-en-grano-historia-y-variedades-en-mexico","status":"publish","type":"post","link":"https:\/\/cafelapuerta.com\/index.php\/2025\/04\/27\/descubriendo-el-cafe-en-grano-historia-y-variedades-en-mexico\/","title":{"rendered":"Descubriendo el Caf\u00e9 en Grano: Historia y Variedades en M\u00e9xico"},"content":{"rendered":"\n<h2 class=\"wp-block-heading\">Historia del Caf\u00e9 en M\u00e9xico<\/h2>\n\n\n\n<p>El caf\u00e9 lleg\u00f3 a M\u00e9xico a finales del siglo XVIII, introducido por los colonizadores espa\u00f1oles que tra\u00edan consigo no solo nuevas ideas, sino tambi\u00e9n cultivos que cambiar\u00edan el panorama agr\u00edcola del pa\u00eds. Este grano, originario de Etiop\u00eda, empez\u00f3 a cultivarse en regiones favorables como Veracruz y Puebla, donde las condiciones clim\u00e1ticas permitieron su desarrollo. Con el tiempo, el caf\u00e9 se convirti\u00f3 en un elemento fundamental para la econom\u00eda agr\u00edcola mexicana, estableciendo las bases para lo que hoy conocemos como una industria cafetalera importante.<\/p>\n\n\n\n<p>A medida que avanzaba el siglo XIX, se establecieron las primeras fincas cafetaleras, particularmente en el estado de Veracruz, que empezaron a florecer bajo las condiciones ideales que ofrec\u00eda su altitud y clima. Estas fincas no solo produc\u00edan caf\u00e9 para el consumo interno, sino que tambi\u00e9n comenzaron a exportarlo, lo que marc\u00f3 el inicio de la participaci\u00f3n de M\u00e9xico en el comercio global de caf\u00e9. Durante este periodo, el pa\u00eds empez\u00f3 a destacar en la producci\u00f3n de variedades de caf\u00e9 como el ar\u00e1bica, valorado por su calidad y sabor.<\/p>\n\n\n\n<p>En la historia social y econ\u00f3mica de M\u00e9xico, el caf\u00e9 ha jugado un papel crucial. La bebida se convirti\u00f3 en un s\u00edmbolo de hospitalidad y convivencia, traduci\u00e9ndose en un ritual social que fortalec\u00eda lazos entre familias y amigos. Adem\u00e1s, el cultivo del caf\u00e9 aport\u00f3 significativamente al desarrollo de comunidades rurales, incentivando el trabajo agr\u00edcola y la creaci\u00f3n de empleos. Sin embargo, esta dependencia tambi\u00e9n ha planteado retos; los agricultores enfrentan dificultades relacionadas con el cambio clim\u00e1tico y los precios fluctuantes del mercado global.<\/p>\n\n\n\n<p>Hoy en d\u00eda, el caf\u00e9 sigue siendo un pilar en la cultura mexicana. Las tradiciones y t\u00e9cnicas de cultivo se han transmitido de generaci\u00f3n en generaci\u00f3n, consolidando una identidad que celebra el caf\u00e9 no solo como un producto, sino como un legado que enriquece la vida cotidiana de millones de mexicanos. Con un enfoque cada vez mayor en la sostenibilidad, los productores locales est\u00e1n adapt\u00e1ndose para asegurar el futuro del cultivo en el contexto de un mercado que exige calidad y responsabilidad ambiental.<\/p>\n\n\n\n<h2 class=\"wp-block-heading\">Variedades de Caf\u00e9 Cultivadas en M\u00e9xico<\/h2>\n\n\n\n<p>M\u00e9xico es reconocido mundialmente por la diversidad y calidad de sus caf\u00e9s, principalmente debido a sus diversas condiciones clim\u00e1ticas y geogr\u00e1ficas que favorecen el cultivo de diferentes variedades. Las dos principales variedades de caf\u00e9 cultivadas en el pa\u00eds son Ar\u00e1bica y Robusta, cada una con caracter\u00edsticas distintivas que las hacen \u00fanicas.<\/p>\n\n\n\n<p>El caf\u00e9 Ar\u00e1bica, que representa aproximadamente el 70% de la producci\u00f3n nacional, se cultiva principalmente en la regi\u00f3n de Veracr\u00faz, Puebla y en las altas monta\u00f1as de Chiapas. Esta variedad se caracteriza por su sabor suave, aroma floral y una acidez brillante. Los microclimas presentes en estas regiones, junto con la altitud y la calidad del suelo, contribuyen a resaltar las notas de chocolate y frutas en su perfil de sabor. Adem\u00e1s, el caf\u00e9 Ar\u00e1bica requiere condiciones m\u00e1s espec\u00edficas para su cultivo, como temperaturas que oscilan entre los 15 y 24 grados Celsius, lo que limita su cultivo a zonas elevadas y frescas.<\/p>\n\n\n\n<p>Por otro lado, el caf\u00e9 Robusta, aunque menos cultivado en comparaci\u00f3n con el Ar\u00e1bica, tiene su lugar en la producci\u00f3n mexicana, principalmente en regiones como Guerrero y algunas \u00e1reas de Puebla. Esta variedad se destaca por su mayor resistencia a plagas y enfermedades, y presenta un perfil de sabor m\u00e1s fuerte y terroso, con menos acidez. En t\u00e9rminos de cultivo, el Robusta prospera en altitudes m\u00e1s bajas y puede enfrentar variaciones clim\u00e1ticas m\u00e1s amplias, lo que lo hace menos dependiente de microclimas espec\u00edficos que impactan el Ar\u00e1bica.<\/p>\n\n\n\n<p>Adem\u00e1s de estas variedades, M\u00e9xico alberga m\u00faltiples microclimas que afectan significativamente las caracter\u00edsticas del caf\u00e9. La interacci\u00f3n entre el clima, la altitud, y las pr\u00e1cticas agr\u00edcolas utilizadas por los caficultores, influye en la calidad final del grano. La riqueza de su biodiversidad permite que cada cosecha sea un reflejo del entorno espec\u00edfico en el que se cultiva, convirtiendo al caf\u00e9 mexicano en un producto destacado en el mercado global.<\/p>\n\n\n\n<h2 class=\"wp-block-heading\">Tipos de Preparaci\u00f3n del Caf\u00e9<\/h2>\n\n\n\n<p>La preparaci\u00f3n del caf\u00e9 es una pr\u00e1ctica arraigada en la cultura mexicana, donde se pueden encontrar m\u00faltiples m\u00e9todos que realzan sus sabores \u00fanicos. Uno de los m\u00e9todos m\u00e1s tradicionales es el caf\u00e9 de olla, que se elabora en una olla de barro con agua, canela y piloncillo. Este m\u00e9todo no solo destaca el sabor del caf\u00e9, sino que tambi\u00e9n le otorga un toque dulce y especiado, caracter\u00edstico de la gastronom\u00eda mexicana. Para preparar caf\u00e9 de olla, es importante utilizar una mezcla de granos de caf\u00e9 ligeramente tostados, que complementen los sabores de las especias.<\/p>\n\n\n\n<p>Por otro lado, la prensa francesa ha ganado popularidad, especialmente entre los amantes del caf\u00e9 que buscan una experiencia m\u00e1s rica y llena de cuerpo. Este m\u00e9todo consiste en sumergir el caf\u00e9 molido en agua caliente durante un par de minutos antes de presionar el \u00e9mbolo, lo que permite una extracci\u00f3n m\u00e1s completa de los aceites y aromas del grano. El resultado es un caf\u00e9 con una textura sedosa y un sabor intenso, ideal para aquellos que prefieren un caf\u00e9 robusto.<\/p>\n\n\n\n<p>El espresso, un m\u00e9todo italiano que ha conquistado M\u00e9xico, tambi\u00e9n ofrece una experiencia diferente. Se prepara forzando agua caliente a alta presi\u00f3n a trav\u00e9s del caf\u00e9 finamente molido. El espresso se caracteriza por su crema densa y su concentraci\u00f3n de sabor, lo que lo convierte en la base de muchas bebidas populares, como el cappuccino y el latte. Para los entusiastas que deseen preparar espresso en casa, es crucial contar con una m\u00e1quina adecuada y granos de caf\u00e9 frescos, preferiblemente de origen especial, que aporten complejidad y matices al paladar.<\/p>\n\n\n\n<p>Actualmente, las tendencias en la preparaci\u00f3n del caf\u00e9 incluyen el uso de caf\u00e9s de especialidad, que son directamente comprados a peque\u00f1os productores y que destacan por su calidad y caracter\u00edsticas distintivas. Aprender sobre estos m\u00e9todos y experimentar con diferentes tipos de granos puede enriquecer la experiencia del caf\u00e9 en casa, permitiendo a los consumidores disfrutar de una variedad de sabores y texturas que solo la diversidad de m\u00e9todos puede ofrecer.<\/p>\n\n\n\n<h2 class=\"wp-block-heading\">Curiosidades y Particularidades del Caf\u00e9 Mexicano<\/h2>\n\n\n\n<p>El caf\u00e9 mexicano se distingue no solo por su sabor y calidad, sino tambi\u00e9n por la rica historia y cultura que lo rodean. Uno de los aspectos m\u00e1s fascinantes es que M\u00e9xico es el s\u00e9ptimo productor de caf\u00e9 a nivel mundial, siendo el grano ar\u00e1bica el m\u00e1s cultivado. Este tipo de caf\u00e9 es altamente valorado por su aroma y sabor suave, lo que ha llevado a su reconocimiento en mercados internacionales. Adem\u00e1s, la producci\u00f3n se concentra principalmente en la regi\u00f3n de Chiapas, donde el clima y la altitud crean condiciones ideales para el cultivo de caf\u00e9.<\/p>\n\n\n\n<p>Las festividades relacionadas con el caf\u00e9 en M\u00e9xico son igualmente interesantes. En diversas regiones, se celebran ferias y eventos donde productores locales presentan sus mejores granos. Estas festividades no solo promueven el caf\u00e9, sino que tambi\u00e9n fomentan la unidad en la comunidad y el reconocimiento del trabajo de los agricultores. Un evento significativo es la Feria del Caf\u00e9 de Veracruz, que atrae a visitantes interesados en aprender m\u00e1s sobre la producci\u00f3n y disfrutar de degustaciones.<\/p>\n\n\n\n<p>El impacto cultural del caf\u00e9 en la gastronom\u00eda mexicana es innegable. Este grano se ha integrado en varias recetas tradicionales, desde postres como el flan de caf\u00e9 hasta bebidas t\u00edpicas. Asimismo, los mexicanos tienden a disfrutar su caf\u00e9 acompa\u00f1ado de un delicioso pan dulce o en el contexto de una sobremesa familiar, fortaleciendo as\u00ed la conexi\u00f3n social. En cuanto al consumo, las tendencias indican un aumento en la preferencia por caf\u00e9s especiales y de origen, reflejando un mayor inter\u00e9s por la calidad, en lugar de la cantidad. Esto demuestra c\u00f3mo el caf\u00e9 no solo se consume, sino que tambi\u00e9n se convierte en una experiencia cultural que enriquece la vida cotidiana en M\u00e9xico.<\/p>\n","protected":false},"excerpt":{"rendered":"<p>Historia del Caf\u00e9 en M\u00e9xico El caf\u00e9 lleg\u00f3 a M\u00e9xico a finales del siglo XVIII, introducido por los colonizadores espa\u00f1oles que tra\u00edan consigo no solo nuevas ideas, sino tambi\u00e9n cultivos que cambiar\u00edan el panorama agr\u00edcola del pa\u00eds. Este grano, originario de Etiop\u00eda, empez\u00f3 a&#8230; <\/p>\n<div class=\"readmore\"><a href=\"https:\/\/cafelapuerta.com\/index.php\/2025\/04\/27\/descubriendo-el-cafe-en-grano-historia-y-variedades-en-mexico\/\" class=\"kf-btn-link\"><span>Read more<\/span> <i class=\"fas fa-chevron-right\"><\/i><\/a><\/div>\n","protected":false},"author":1,"featured_media":2377,"comment_status":"open","ping_status":"closed","sticky":false,"template":"","format":"standard","meta":{"footnotes":""},"categories":[49],"tags":[50],"class_list":["post-2378","post","type-post","status-publish","format-standard","has-post-thumbnail","hentry","category-cultura-y-gastronomia","tag-coffee-content"],"acf":[],"_links":{"self":[{"href":"https:\/\/cafelapuerta.com\/index.php\/wp-json\/wp\/v2\/posts\/2378","targetHints":{"allow":["GET"]}}],"collection":[{"href":"https:\/\/cafelapuerta.com\/index.php\/wp-json\/wp\/v2\/posts"}],"about":[{"href":"https:\/\/cafelapuerta.com\/index.php\/wp-json\/wp\/v2\/types\/post"}],"author":[{"embeddable":true,"href":"https:\/\/cafelapuerta.com\/index.php\/wp-json\/wp\/v2\/users\/1"}],"replies":[{"embeddable":true,"href":"https:\/\/cafelapuerta.com\/index.php\/wp-json\/wp\/v2\/comments?post=2378"}],"version-history":[{"count":1,"href":"https:\/\/cafelapuerta.com\/index.php\/wp-json\/wp\/v2\/posts\/2378\/revisions"}],"predecessor-version":[{"id":2379,"href":"https:\/\/cafelapuerta.com\/index.php\/wp-json\/wp\/v2\/posts\/2378\/revisions\/2379"}],"wp:featuredmedia":[{"embeddable":true,"href":"https:\/\/cafelapuerta.com\/index.php\/wp-json\/wp\/v2\/media\/2377"}],"wp:attachment":[{"href":"https:\/\/cafelapuerta.com\/index.php\/wp-json\/wp\/v2\/media?parent=2378"}],"wp:term":[{"taxonomy":"category","embeddable":true,"href":"https:\/\/cafelapuerta.com\/index.php\/wp-json\/wp\/v2\/categories?post=2378"},{"taxonomy":"post_tag","embeddable":true,"href":"https:\/\/cafelapuerta.com\/index.php\/wp-json\/wp\/v2\/tags?post=2378"}],"curies":[{"name":"wp","href":"https:\/\/api.w.org\/{rel}","templated":true}]}}