{"id":261,"date":"2023-08-29T12:00:00","date_gmt":"2023-08-29T18:00:00","guid":{"rendered":"https:\/\/kaffen-demo.bslthemes.com\/?p=261"},"modified":"2023-08-29T21:03:59","modified_gmt":"2023-08-30T03:03:59","slug":"historia-del-cafe","status":"publish","type":"post","link":"https:\/\/cafelapuerta.com\/index.php\/2023\/08\/29\/historia-del-cafe\/","title":{"rendered":"Del Campo a la Taza: Un Viaje a Trav\u00e9s de la Historia del Caf\u00e9"},"content":{"rendered":"\t\t<div data-elementor-type=\"wp-post\" data-elementor-id=\"261\" class=\"elementor elementor-261\" data-elementor-post-type=\"post\">\n\t\t\t\t\t\t<section class=\"elementor-section elementor-top-section elementor-element elementor-element-4156a3b5 elementor-section-boxed elementor-section-height-default elementor-section-height-default\" data-id=\"4156a3b5\" data-element_type=\"section\" data-e-type=\"section\">\n\t\t\t\t\t\t<div class=\"elementor-container elementor-column-gap-default\">\n\t\t\t\t\t<div class=\"elementor-column elementor-col-100 elementor-top-column elementor-element elementor-element-1f20b786\" data-id=\"1f20b786\" data-element_type=\"column\" data-e-type=\"column\">\n\t\t\t<div class=\"elementor-widget-wrap elementor-element-populated\">\n\t\t\t\t\t\t<div class=\"elementor-element elementor-element-165aa5bb elementor-widget elementor-widget-text-editor\" data-id=\"165aa5bb\" data-element_type=\"widget\" data-e-type=\"widget\" data-widget_type=\"text-editor.default\">\n\t\t\t\t<div class=\"elementor-widget-container\">\n\t\t\t\t\t\t\t\t\t\n<p>El caf\u00e9, esa bebida arom\u00e1tica que nos despierta por las ma\u00f1anas y nos re\u00fane con amigos en las tardes, tiene una historia tan rica y cautivadora como su sabor. Desde sus or\u00edgenes en las tierras altas de Etiop\u00eda hasta convertirse en una de las bebidas m\u00e1s consumidas en todo el mundo, el caf\u00e9 ha tejido una red de historias y leyendas que han influido en culturas, econom\u00edas y sociedades a lo largo de los siglos. \u00danete a nosotros en este viaje a trav\u00e9s del tiempo mientras exploramos los hitos m\u00e1s significativos en la historia del caf\u00e9.<\/p>\n<p>Los Comienzos en Etiop\u00eda:<br \/>La leyenda cuenta que hace m\u00e1s de mil a\u00f1os, un pastor et\u00edope llamado Kaldi descubri\u00f3 el caf\u00e9 de manera casual. Observ\u00f3 que sus cabras se volv\u00edan notoriamente activas despu\u00e9s de mordisquear los frutos rojos y brillantes de cierto arbusto. Intrigado por este fen\u00f3meno, Kaldi prob\u00f3 los frutos \u00e9l mismo y experiment\u00f3 una oleada de energ\u00eda. Esto marc\u00f3 el punto de partida de la relaci\u00f3n entre el ser humano y el caf\u00e9.<\/p>\n<p>La Expansi\u00f3n a Arabia y M\u00e1s All\u00e1:<br \/>Desde Etiop\u00eda, la fascinaci\u00f3n por los efectos energizantes de los granos de caf\u00e9 se extendi\u00f3 r\u00e1pidamente a Arabia. Los monjes suf\u00edes de Yemen comenzaron a preparar una bebida con los granos tostados y triturados, creando as\u00ed una versi\u00f3n temprana del caf\u00e9 que conocemos hoy. Estos monasterios se convirtieron en centros de conocimiento y debate, y la bebida de caf\u00e9 se convirti\u00f3 en un veh\u00edculo para la discusi\u00f3n intelectual y la socializaci\u00f3n.<\/p>\n\n<figure class=\"wp-block-image size-large\"><img fetchpriority=\"high\" decoding=\"async\" width=\"1024\" height=\"683\" class=\"wp-image-256\" src=\"https:\/\/bslthemes.com\/import\/kaffen\/01\/uploads\/2022\/03\/latest_blog1-1024x683.jpg\" alt=\"\" srcset=\"https:\/\/cafelapuerta.com\/wp-content\/uploads\/2022\/03\/latest_blog1-1024x683.jpg 1024w, https:\/\/cafelapuerta.com\/wp-content\/uploads\/2022\/03\/latest_blog1-800x533.jpg 800w, https:\/\/cafelapuerta.com\/wp-content\/uploads\/2022\/03\/latest_blog1-300x200.jpg 300w, https:\/\/cafelapuerta.com\/wp-content\/uploads\/2022\/03\/latest_blog1-768x512.jpg 768w, https:\/\/cafelapuerta.com\/wp-content\/uploads\/2022\/03\/latest_blog1-1536x1024.jpg 1536w, https:\/\/cafelapuerta.com\/wp-content\/uploads\/2022\/03\/latest_blog1-900x600.jpg 900w, https:\/\/cafelapuerta.com\/wp-content\/uploads\/2022\/03\/latest_blog1.jpg 1920w\" sizes=\"(max-width: 1024px) 100vw, 1024px\" \/><\/figure>\n\n<p>Los Caf\u00e9s y la Revoluci\u00f3n Intelectual en Europa:<br \/>En los siglos siguientes, el caf\u00e9 lleg\u00f3 a Constantinopla, Venecia y otras ciudades europeas. Los primeros caf\u00e9s se convirtieron en puntos de encuentro para escritores, fil\u00f3sofos y cient\u00edficos, dando origen a la &#8220;edad de los caf\u00e9s&#8221; en Europa. Los caf\u00e9s se convirtieron en lugares donde la gente se reun\u00eda para discutir ideas revolucionarias, compartir conocimiento y establecer conexiones.<\/p>\n<p>El Cultivo Global y el Nacimiento de las Plantaciones:<br \/>El comercio de caf\u00e9 creci\u00f3 de manera constante, y a medida que aumentaba la demanda, las plantaciones de caf\u00e9 se establecieron en diversas partes del mundo. Am\u00e9rica Latina, \u00c1frica y Asia se convirtieron en hogares de exuberantes plantaciones de caf\u00e9. La introducci\u00f3n de m\u00e9todos de cultivo y procesamiento m\u00e1s eficientes permiti\u00f3 que el caf\u00e9 se convirtiera en una importante mercanc\u00eda global.<\/p>\n<p>El Caf\u00e9 en la Cultura Contempor\u00e1nea:<br \/>Hoy en d\u00eda, el caf\u00e9 es una parte integral de la cultura global. Desde las cafeter\u00edas de barrio hasta las cadenas internacionales, el caf\u00e9 se sirve en una amplia variedad de estilos y preparaciones. Adem\u00e1s de su importancia econ\u00f3mica, el caf\u00e9 ha dejado una marca en la cultura pop, la literatura y el arte. Incluso ha influido en la creaci\u00f3n de movimientos como el caf\u00e9 de especialidad, donde la calidad y la artesan\u00eda son primordiales.<\/p>\n<p>Conclusi\u00f3n:<br \/>La historia del caf\u00e9 es un testimonio del poder que una simple bebida puede tener para unir a las personas, fomentar la creatividad y transformar sociedades. Desde sus inicios humildes en las tierras altas de Etiop\u00eda hasta su dominio global en la actualidad, el caf\u00e9 ha superado el paso del tiempo y sigue siendo una fuente de inspiraci\u00f3n y energ\u00eda para millones de personas en todo el mundo. As\u00ed que la pr\u00f3xima vez que disfrutes de tu taza de caf\u00e9 favorita, recuerda que est\u00e1s participando en una tradici\u00f3n que se extiende a lo largo de siglos de historia y cultura.<\/p>\n\t\t\t\t\t\t\t\t<\/div>\n\t\t\t\t<\/div>\n\t\t\t\t\t<\/div>\n\t\t<\/div>\n\t\t\t\t\t<\/div>\n\t\t<\/section>\n\t\t\t\t<\/div>\n\t\t","protected":false},"excerpt":{"rendered":"<p>El caf\u00e9, esa bebida arom\u00e1tica que nos despierta por las ma\u00f1anas y nos re\u00fane con amigos en las tardes, tiene una historia tan rica y cautivadora como su sabor. Desde sus or\u00edgenes en las tierras altas de Etiop\u00eda hasta convertirse en una de las&#8230; <\/p>\n<div class=\"readmore\"><a href=\"https:\/\/cafelapuerta.com\/index.php\/2023\/08\/29\/historia-del-cafe\/\" class=\"kf-btn-link\"><span>Read more<\/span> <i class=\"fas fa-chevron-right\"><\/i><\/a><\/div>\n","protected":false},"author":1,"featured_media":257,"comment_status":"closed","ping_status":"closed","sticky":false,"template":"","format":"standard","meta":{"footnotes":""},"categories":[48],"tags":[],"class_list":["post-261","post","type-post","status-publish","format-standard","has-post-thumbnail","hentry","category-historia"],"acf":[],"_links":{"self":[{"href":"https:\/\/cafelapuerta.com\/index.php\/wp-json\/wp\/v2\/posts\/261","targetHints":{"allow":["GET"]}}],"collection":[{"href":"https:\/\/cafelapuerta.com\/index.php\/wp-json\/wp\/v2\/posts"}],"about":[{"href":"https:\/\/cafelapuerta.com\/index.php\/wp-json\/wp\/v2\/types\/post"}],"author":[{"embeddable":true,"href":"https:\/\/cafelapuerta.com\/index.php\/wp-json\/wp\/v2\/users\/1"}],"replies":[{"embeddable":true,"href":"https:\/\/cafelapuerta.com\/index.php\/wp-json\/wp\/v2\/comments?post=261"}],"version-history":[{"count":6,"href":"https:\/\/cafelapuerta.com\/index.php\/wp-json\/wp\/v2\/posts\/261\/revisions"}],"predecessor-version":[{"id":2108,"href":"https:\/\/cafelapuerta.com\/index.php\/wp-json\/wp\/v2\/posts\/261\/revisions\/2108"}],"wp:featuredmedia":[{"embeddable":true,"href":"https:\/\/cafelapuerta.com\/index.php\/wp-json\/wp\/v2\/media\/257"}],"wp:attachment":[{"href":"https:\/\/cafelapuerta.com\/index.php\/wp-json\/wp\/v2\/media?parent=261"}],"wp:term":[{"taxonomy":"category","embeddable":true,"href":"https:\/\/cafelapuerta.com\/index.php\/wp-json\/wp\/v2\/categories?post=261"},{"taxonomy":"post_tag","embeddable":true,"href":"https:\/\/cafelapuerta.com\/index.php\/wp-json\/wp\/v2\/tags?post=261"}],"curies":[{"name":"wp","href":"https:\/\/api.w.org\/{rel}","templated":true}]}}